{"id":119,"date":"2021-08-17T19:14:24","date_gmt":"2021-08-17T19:14:24","guid":{"rendered":"https:\/\/ufhover-laden.de\/?p=119"},"modified":"2021-08-17T19:14:35","modified_gmt":"2021-08-17T19:14:35","slug":"reparaturnachmittag-im-dorftreff","status":"publish","type":"post","link":"https:\/\/ufhover-laden.de\/?p=119","title":{"rendered":"Reparaturnachmittag im Dorftreff"},"content":{"rendered":"\n<p>Am Donnerstag den 19.08. findet ab 14.30 Uhr im Ufhover Dorftreff ein Reparaturnachmittag statt. In gem\u00fctlicher Runde bei Kaffee und Kuchen unterst\u00fctzen wir bei der Reparatur elektrischer Ger\u00e4te. Auch bei Problemen mit dem Handy versuchen wir zu helfen.<\/p>\n\n\n\n<p><\/p>\n","protected":false},"excerpt":{"rendered":"<p>Am Donnerstag den 19.08. findet ab 14.30 Uhr im Ufhover Dorftreff ein Reparaturnachmittag statt. In gem\u00fctlicher Runde bei Kaffee und Kuchen unterst\u00fctzen wir bei der Reparatur elektrischer Ger\u00e4te. Auch bei Problemen mit dem Handy versuchen wir zu helfen.<\/p>\n","protected":false},"author":1,"featured_media":0,"comment_status":"closed","ping_status":"","sticky":false,"template":"","format":"standard","meta":{"footnotes":""},"categories":[1],"tags":[3],"class_list":["post-119","post","type-post","status-publish","format-standard","hentry","category-uncategorized","tag-reparaturnachmittag-im-ufhover-dorftreff"],"yoast_head":"<!-- This site is optimized with the Yoast SEO plugin v26.7 - https:\/\/yoast.com\/wordpress\/plugins\/seo\/ -->\n<title>Reparaturnachmittag im Dorftreff - Ufhover Kaffeeklatsch Verein<\/title>\n<meta name=\"robots\" content=\"index, follow, max-snippet:-1, max-image-preview:large, max-video-preview:-1\" \/>\n<link rel=\"canonical\" href=\"https:\/\/ufhover-laden.de\/?p=119\" \/>\n<meta property=\"og:locale\" content=\"de_DE\" \/>\n<meta property=\"og:type\" content=\"article\" \/>\n<meta property=\"og:title\" content=\"Reparaturnachmittag im Dorftreff - Ufhover Kaffeeklatsch Verein\" \/>\n<meta property=\"og:description\" content=\"Am Donnerstag den 19.08. findet ab 14.30 Uhr im Ufhover Dorftreff ein Reparaturnachmittag statt. In gem\u00fctlicher Runde bei Kaffee und Kuchen unterst\u00fctzen wir bei der Reparatur elektrischer Ger\u00e4te. Auch bei Problemen mit dem Handy versuchen wir zu helfen.\" \/>\n<meta property=\"og:url\" content=\"https:\/\/ufhover-laden.de\/?p=119\" \/>\n<meta property=\"og:site_name\" content=\"Ufhover Kaffeeklatsch Verein\" \/>\n<meta property=\"article:published_time\" content=\"2021-08-17T19:14:24+00:00\" \/>\n<meta property=\"article:modified_time\" content=\"2021-08-17T19:14:35+00:00\" \/>\n<meta name=\"author\" content=\"SilvioHellmundt\" \/>\n<meta name=\"twitter:card\" content=\"summary_large_image\" \/>\n<meta name=\"twitter:label1\" content=\"Verfasst von\" \/>\n\t<meta name=\"twitter:data1\" content=\"SilvioHellmundt\" \/>\n<script type=\"application\/ld+json\" class=\"yoast-schema-graph\">{\"@context\":\"https:\/\/schema.org\",\"@graph\":[{\"@type\":\"Article\",\"@id\":\"https:\/\/ufhover-laden.de\/?p=119#article\",\"isPartOf\":{\"@id\":\"https:\/\/ufhover-laden.de\/?p=119\"},\"author\":{\"name\":\"SilvioHellmundt\",\"@id\":\"https:\/\/ufhover-laden.de\/#\/schema\/person\/134c141a7890ce0a8841ff8ab57220cf\"},\"headline\":\"Reparaturnachmittag im Dorftreff\",\"datePublished\":\"2021-08-17T19:14:24+00:00\",\"dateModified\":\"2021-08-17T19:14:35+00:00\",\"mainEntityOfPage\":{\"@id\":\"https:\/\/ufhover-laden.de\/?p=119\"},\"wordCount\":42,\"publisher\":{\"@id\":\"https:\/\/ufhover-laden.de\/#organization\"},\"keywords\":[\"Reparaturnachmittag im Ufhover Dorftreff\"],\"articleSection\":[\"Uncategorized\"],\"inLanguage\":\"de\"},{\"@type\":\"WebPage\",\"@id\":\"https:\/\/ufhover-laden.de\/?p=119\",\"url\":\"https:\/\/ufhover-laden.de\/?p=119\",\"name\":\"Reparaturnachmittag im Dorftreff - Ufhover Kaffeeklatsch Verein\",\"isPartOf\":{\"@id\":\"https:\/\/ufhover-laden.de\/#website\"},\"datePublished\":\"2021-08-17T19:14:24+00:00\",\"dateModified\":\"2021-08-17T19:14:35+00:00\",\"breadcrumb\":{\"@id\":\"https:\/\/ufhover-laden.de\/?p=119#breadcrumb\"},\"inLanguage\":\"de\",\"potentialAction\":[{\"@type\":\"ReadAction\",\"target\":[\"https:\/\/ufhover-laden.de\/?p=119\"]}]},{\"@type\":\"BreadcrumbList\",\"@id\":\"https:\/\/ufhover-laden.de\/?p=119#breadcrumb\",\"itemListElement\":[{\"@type\":\"ListItem\",\"position\":1,\"name\":\"Startseite\",\"item\":\"https:\/\/ufhover-laden.de\/\"},{\"@type\":\"ListItem\",\"position\":2,\"name\":\"Reparaturnachmittag im Dorftreff\"}]},{\"@type\":\"WebSite\",\"@id\":\"https:\/\/ufhover-laden.de\/#website\",\"url\":\"https:\/\/ufhover-laden.de\/\",\"name\":\"Ufhover Dorftreff\",\"description\":\"\",\"publisher\":{\"@id\":\"https:\/\/ufhover-laden.de\/#organization\"},\"potentialAction\":[{\"@type\":\"SearchAction\",\"target\":{\"@type\":\"EntryPoint\",\"urlTemplate\":\"https:\/\/ufhover-laden.de\/?s={search_term_string}\"},\"query-input\":{\"@type\":\"PropertyValueSpecification\",\"valueRequired\":true,\"valueName\":\"search_term_string\"}}],\"inLanguage\":\"de\"},{\"@type\":\"Organization\",\"@id\":\"https:\/\/ufhover-laden.de\/#organization\",\"name\":\"Konsumverein Ufhoven\",\"url\":\"https:\/\/ufhover-laden.de\/\",\"logo\":{\"@type\":\"ImageObject\",\"inLanguage\":\"de\",\"@id\":\"https:\/\/ufhover-laden.de\/#\/schema\/logo\/image\/\",\"url\":\"https:\/\/ufhover-laden.de\/wp-content\/uploads\/2020\/10\/cropped-Logo-3.jpg\",\"contentUrl\":\"https:\/\/ufhover-laden.de\/wp-content\/uploads\/2020\/10\/cropped-Logo-3.jpg\",\"width\":600,\"height\":600,\"caption\":\"Konsumverein Ufhoven\"},\"image\":{\"@id\":\"https:\/\/ufhover-laden.de\/#\/schema\/logo\/image\/\"}},{\"@type\":\"Person\",\"@id\":\"https:\/\/ufhover-laden.de\/#\/schema\/person\/134c141a7890ce0a8841ff8ab57220cf\",\"name\":\"SilvioHellmundt\",\"image\":{\"@type\":\"ImageObject\",\"inLanguage\":\"de\",\"@id\":\"https:\/\/ufhover-laden.de\/#\/schema\/person\/image\/\",\"url\":\"https:\/\/secure.gravatar.com\/avatar\/0211ea57dc18a752241344019368ac9cbc7ed44cf3142ce82fc27ff4282728cf?s=96&d=blank&r=g\",\"contentUrl\":\"https:\/\/secure.gravatar.com\/avatar\/0211ea57dc18a752241344019368ac9cbc7ed44cf3142ce82fc27ff4282728cf?s=96&d=blank&r=g\",\"caption\":\"SilvioHellmundt\"},\"url\":\"https:\/\/ufhover-laden.de\/?author=1\"}]}<\/script>\n<!-- \/ Yoast SEO plugin. -->","yoast_head_json":{"title":"Reparaturnachmittag im Dorftreff - Ufhover Kaffeeklatsch Verein","robots":{"index":"index","follow":"follow","max-snippet":"max-snippet:-1","max-image-preview":"max-image-preview:large","max-video-preview":"max-video-preview:-1"},"canonical":"https:\/\/ufhover-laden.de\/?p=119","og_locale":"de_DE","og_type":"article","og_title":"Reparaturnachmittag im Dorftreff - Ufhover Kaffeeklatsch Verein","og_description":"Am Donnerstag den 19.08. findet ab 14.30 Uhr im Ufhover Dorftreff ein Reparaturnachmittag statt. In gem\u00fctlicher Runde bei Kaffee und Kuchen unterst\u00fctzen wir bei der Reparatur elektrischer Ger\u00e4te. Auch bei Problemen mit dem Handy versuchen wir zu helfen.","og_url":"https:\/\/ufhover-laden.de\/?p=119","og_site_name":"Ufhover Kaffeeklatsch Verein","article_published_time":"2021-08-17T19:14:24+00:00","article_modified_time":"2021-08-17T19:14:35+00:00","author":"SilvioHellmundt","twitter_card":"summary_large_image","twitter_misc":{"Verfasst von":"SilvioHellmundt"},"schema":{"@context":"https:\/\/schema.org","@graph":[{"@type":"Article","@id":"https:\/\/ufhover-laden.de\/?p=119#article","isPartOf":{"@id":"https:\/\/ufhover-laden.de\/?p=119"},"author":{"name":"SilvioHellmundt","@id":"https:\/\/ufhover-laden.de\/#\/schema\/person\/134c141a7890ce0a8841ff8ab57220cf"},"headline":"Reparaturnachmittag im Dorftreff","datePublished":"2021-08-17T19:14:24+00:00","dateModified":"2021-08-17T19:14:35+00:00","mainEntityOfPage":{"@id":"https:\/\/ufhover-laden.de\/?p=119"},"wordCount":42,"publisher":{"@id":"https:\/\/ufhover-laden.de\/#organization"},"keywords":["Reparaturnachmittag im Ufhover Dorftreff"],"articleSection":["Uncategorized"],"inLanguage":"de"},{"@type":"WebPage","@id":"https:\/\/ufhover-laden.de\/?p=119","url":"https:\/\/ufhover-laden.de\/?p=119","name":"Reparaturnachmittag im Dorftreff - Ufhover Kaffeeklatsch Verein","isPartOf":{"@id":"https:\/\/ufhover-laden.de\/#website"},"datePublished":"2021-08-17T19:14:24+00:00","dateModified":"2021-08-17T19:14:35+00:00","breadcrumb":{"@id":"https:\/\/ufhover-laden.de\/?p=119#breadcrumb"},"inLanguage":"de","potentialAction":[{"@type":"ReadAction","target":["https:\/\/ufhover-laden.de\/?p=119"]}]},{"@type":"BreadcrumbList","@id":"https:\/\/ufhover-laden.de\/?p=119#breadcrumb","itemListElement":[{"@type":"ListItem","position":1,"name":"Startseite","item":"https:\/\/ufhover-laden.de\/"},{"@type":"ListItem","position":2,"name":"Reparaturnachmittag im Dorftreff"}]},{"@type":"WebSite","@id":"https:\/\/ufhover-laden.de\/#website","url":"https:\/\/ufhover-laden.de\/","name":"Ufhover Dorftreff","description":"","publisher":{"@id":"https:\/\/ufhover-laden.de\/#organization"},"potentialAction":[{"@type":"SearchAction","target":{"@type":"EntryPoint","urlTemplate":"https:\/\/ufhover-laden.de\/?s={search_term_string}"},"query-input":{"@type":"PropertyValueSpecification","valueRequired":true,"valueName":"search_term_string"}}],"inLanguage":"de"},{"@type":"Organization","@id":"https:\/\/ufhover-laden.de\/#organization","name":"Konsumverein Ufhoven","url":"https:\/\/ufhover-laden.de\/","logo":{"@type":"ImageObject","inLanguage":"de","@id":"https:\/\/ufhover-laden.de\/#\/schema\/logo\/image\/","url":"https:\/\/ufhover-laden.de\/wp-content\/uploads\/2020\/10\/cropped-Logo-3.jpg","contentUrl":"https:\/\/ufhover-laden.de\/wp-content\/uploads\/2020\/10\/cropped-Logo-3.jpg","width":600,"height":600,"caption":"Konsumverein Ufhoven"},"image":{"@id":"https:\/\/ufhover-laden.de\/#\/schema\/logo\/image\/"}},{"@type":"Person","@id":"https:\/\/ufhover-laden.de\/#\/schema\/person\/134c141a7890ce0a8841ff8ab57220cf","name":"SilvioHellmundt","image":{"@type":"ImageObject","inLanguage":"de","@id":"https:\/\/ufhover-laden.de\/#\/schema\/person\/image\/","url":"https:\/\/secure.gravatar.com\/avatar\/0211ea57dc18a752241344019368ac9cbc7ed44cf3142ce82fc27ff4282728cf?s=96&d=blank&r=g","contentUrl":"https:\/\/secure.gravatar.com\/avatar\/0211ea57dc18a752241344019368ac9cbc7ed44cf3142ce82fc27ff4282728cf?s=96&d=blank&r=g","caption":"SilvioHellmundt"},"url":"https:\/\/ufhover-laden.de\/?author=1"}]}},"_links":{"self":[{"href":"https:\/\/ufhover-laden.de\/index.php?rest_route=\/wp\/v2\/posts\/119","targetHints":{"allow":["GET"]}}],"collection":[{"href":"https:\/\/ufhover-laden.de\/index.php?rest_route=\/wp\/v2\/posts"}],"about":[{"href":"https:\/\/ufhover-laden.de\/index.php?rest_route=\/wp\/v2\/types\/post"}],"author":[{"embeddable":true,"href":"https:\/\/ufhover-laden.de\/index.php?rest_route=\/wp\/v2\/users\/1"}],"replies":[{"embeddable":true,"href":"https:\/\/ufhover-laden.de\/index.php?rest_route=%2Fwp%2Fv2%2Fcomments&post=119"}],"version-history":[{"count":1,"href":"https:\/\/ufhover-laden.de\/index.php?rest_route=\/wp\/v2\/posts\/119\/revisions"}],"predecessor-version":[{"id":120,"href":"https:\/\/ufhover-laden.de\/index.php?rest_route=\/wp\/v2\/posts\/119\/revisions\/120"}],"wp:attachment":[{"href":"https:\/\/ufhover-laden.de\/index.php?rest_route=%2Fwp%2Fv2%2Fmedia&parent=119"}],"wp:term":[{"taxonomy":"category","embeddable":true,"href":"https:\/\/ufhover-laden.de\/index.php?rest_route=%2Fwp%2Fv2%2Fcategories&post=119"},{"taxonomy":"post_tag","embeddable":true,"href":"https:\/\/ufhover-laden.de\/index.php?rest_route=%2Fwp%2Fv2%2Ftags&post=119"}],"curies":[{"name":"wp","href":"https:\/\/api.w.org\/{rel}","templated":true}]}}