{"id":541,"date":"2025-05-21T16:40:10","date_gmt":"2025-05-21T16:40:10","guid":{"rendered":"https:\/\/ufhover-laden.de\/?p=541"},"modified":"2025-05-21T17:02:42","modified_gmt":"2025-05-21T17:02:42","slug":"mir-rosi-herzog-durch-ufhoven-am-28-06-2025","status":"publish","type":"post","link":"https:\/\/ufhover-laden.de\/?p=541","title":{"rendered":"Mir Rosi Herzog durch Ufhoven"},"content":{"rendered":"\n<p>Am 28. Juni um 14.00 Uhr geht es gemeinsam mit Rosi Herzog auf eine unterhaltsame Entdeckungstour durch das wundersch\u00f6ne Rosendorf Ufhoven.<\/p>\n\n\n\n<p>Zwischen bl\u00fchenden G\u00e4rten und historischen Winkeln gibt es Wissenswertes, Anekdoten und ganz viel Herz f\u00fcr unser Dorf<\/p>\n\n\n\n<p>Treffpunkt ist am Thomas M\u00fcntzer Platz. <\/p>\n\n\n\n<figure class=\"wp-block-image size-large\"><img loading=\"lazy\" decoding=\"async\" width=\"731\" height=\"1024\" src=\"https:\/\/ufhover-laden.de\/wp-content\/uploads\/2025\/05\/mit-Rosi-Herzog-durch-Ufhoven-06-2026-731x1024.jpg\" alt=\"\" class=\"wp-image-550\" srcset=\"https:\/\/ufhover-laden.de\/wp-content\/uploads\/2025\/05\/mit-Rosi-Herzog-durch-Ufhoven-06-2026-731x1024.jpg 731w, https:\/\/ufhover-laden.de\/wp-content\/uploads\/2025\/05\/mit-Rosi-Herzog-durch-Ufhoven-06-2026-214x300.jpg 214w, https:\/\/ufhover-laden.de\/wp-content\/uploads\/2025\/05\/mit-Rosi-Herzog-durch-Ufhoven-06-2026-768x1075.jpg 768w, https:\/\/ufhover-laden.de\/wp-content\/uploads\/2025\/05\/mit-Rosi-Herzog-durch-Ufhoven-06-2026.jpg 1080w\" sizes=\"auto, (max-width: 731px) 100vw, 731px\" \/><\/figure>\n","protected":false},"excerpt":{"rendered":"<p>Am 28. Juni um 14.00 Uhr geht es gemeinsam mit Rosi Herzog auf eine unterhaltsame Entdeckungstour durch das wundersch\u00f6ne Rosendorf Ufhoven. Zwischen bl\u00fchenden G\u00e4rten und historischen Winkeln gibt es Wissenswertes, Anekdoten und ganz viel Herz f\u00fcr unser Dorf Treffpunkt ist am Thomas M\u00fcntzer Platz.<\/p>\n","protected":false},"author":1,"featured_media":0,"comment_status":"closed","ping_status":"closed","sticky":false,"template":"","format":"standard","meta":{"footnotes":""},"categories":[1],"tags":[],"class_list":["post-541","post","type-post","status-publish","format-standard","hentry","category-uncategorized"],"yoast_head":"<!-- This site is optimized with the Yoast SEO plugin v26.7 - https:\/\/yoast.com\/wordpress\/plugins\/seo\/ -->\n<title>Mir Rosi Herzog durch Ufhoven - Ufhover Kaffeeklatsch Verein<\/title>\n<meta name=\"description\" content=\"Am 28. Juni um 14.00 Uhr geht es gemeinsam mit Rosi Herzog auf eine unterhaltsame Entdeckungstour durch das wundersch\u00f6ne Rosendorf Ufhoven.\" \/>\n<meta name=\"robots\" content=\"index, follow, max-snippet:-1, max-image-preview:large, max-video-preview:-1\" \/>\n<link rel=\"canonical\" href=\"https:\/\/ufhover-laden.de\/?p=541\" \/>\n<meta property=\"og:locale\" content=\"de_DE\" \/>\n<meta property=\"og:type\" content=\"article\" \/>\n<meta property=\"og:title\" content=\"Mir Rosi Herzog durch Ufhoven - Ufhover Kaffeeklatsch Verein\" \/>\n<meta property=\"og:description\" content=\"Am 28. Juni um 14.00 Uhr geht es gemeinsam mit Rosi Herzog auf eine unterhaltsame Entdeckungstour durch das wundersch\u00f6ne Rosendorf Ufhoven.\" \/>\n<meta property=\"og:url\" content=\"https:\/\/ufhover-laden.de\/?p=541\" \/>\n<meta property=\"og:site_name\" content=\"Ufhover Kaffeeklatsch Verein\" \/>\n<meta property=\"article:published_time\" content=\"2025-05-21T16:40:10+00:00\" \/>\n<meta property=\"article:modified_time\" content=\"2025-05-21T17:02:42+00:00\" \/>\n<meta property=\"og:image\" content=\"https:\/\/ufhover-laden.de\/wp-content\/uploads\/2025\/05\/mit-Rosi-Herzog-durch-Ufhoven-06-2026.jpg\" \/>\n\t<meta property=\"og:image:width\" content=\"1080\" \/>\n\t<meta property=\"og:image:height\" content=\"1512\" \/>\n\t<meta property=\"og:image:type\" content=\"image\/jpeg\" \/>\n<meta name=\"author\" content=\"SilvioHellmundt\" \/>\n<meta name=\"twitter:card\" content=\"summary_large_image\" \/>\n<meta name=\"twitter:label1\" content=\"Verfasst von\" \/>\n\t<meta name=\"twitter:data1\" content=\"SilvioHellmundt\" \/>\n<script type=\"application\/ld+json\" class=\"yoast-schema-graph\">{\"@context\":\"https:\/\/schema.org\",\"@graph\":[{\"@type\":\"Article\",\"@id\":\"https:\/\/ufhover-laden.de\/?p=541#article\",\"isPartOf\":{\"@id\":\"https:\/\/ufhover-laden.de\/?p=541\"},\"author\":{\"name\":\"SilvioHellmundt\",\"@id\":\"https:\/\/ufhover-laden.de\/#\/schema\/person\/134c141a7890ce0a8841ff8ab57220cf\"},\"headline\":\"Mir Rosi Herzog durch Ufhoven\",\"datePublished\":\"2025-05-21T16:40:10+00:00\",\"dateModified\":\"2025-05-21T17:02:42+00:00\",\"mainEntityOfPage\":{\"@id\":\"https:\/\/ufhover-laden.de\/?p=541\"},\"wordCount\":52,\"publisher\":{\"@id\":\"https:\/\/ufhover-laden.de\/#organization\"},\"image\":{\"@id\":\"https:\/\/ufhover-laden.de\/?p=541#primaryimage\"},\"thumbnailUrl\":\"https:\/\/ufhover-laden.de\/wp-content\/uploads\/2025\/05\/mit-Rosi-Herzog-durch-Ufhoven-06-2026-731x1024.jpg\",\"articleSection\":[\"Uncategorized\"],\"inLanguage\":\"de\"},{\"@type\":\"WebPage\",\"@id\":\"https:\/\/ufhover-laden.de\/?p=541\",\"url\":\"https:\/\/ufhover-laden.de\/?p=541\",\"name\":\"Mir Rosi Herzog durch Ufhoven - Ufhover Kaffeeklatsch Verein\",\"isPartOf\":{\"@id\":\"https:\/\/ufhover-laden.de\/#website\"},\"primaryImageOfPage\":{\"@id\":\"https:\/\/ufhover-laden.de\/?p=541#primaryimage\"},\"image\":{\"@id\":\"https:\/\/ufhover-laden.de\/?p=541#primaryimage\"},\"thumbnailUrl\":\"https:\/\/ufhover-laden.de\/wp-content\/uploads\/2025\/05\/mit-Rosi-Herzog-durch-Ufhoven-06-2026-731x1024.jpg\",\"datePublished\":\"2025-05-21T16:40:10+00:00\",\"dateModified\":\"2025-05-21T17:02:42+00:00\",\"description\":\"Am 28. Juni um 14.00 Uhr geht es gemeinsam mit Rosi Herzog auf eine unterhaltsame Entdeckungstour durch das wundersch\u00f6ne Rosendorf Ufhoven.\",\"breadcrumb\":{\"@id\":\"https:\/\/ufhover-laden.de\/?p=541#breadcrumb\"},\"inLanguage\":\"de\",\"potentialAction\":[{\"@type\":\"ReadAction\",\"target\":[\"https:\/\/ufhover-laden.de\/?p=541\"]}]},{\"@type\":\"ImageObject\",\"inLanguage\":\"de\",\"@id\":\"https:\/\/ufhover-laden.de\/?p=541#primaryimage\",\"url\":\"https:\/\/ufhover-laden.de\/wp-content\/uploads\/2025\/05\/mit-Rosi-Herzog-durch-Ufhoven-06-2026.jpg\",\"contentUrl\":\"https:\/\/ufhover-laden.de\/wp-content\/uploads\/2025\/05\/mit-Rosi-Herzog-durch-Ufhoven-06-2026.jpg\",\"width\":1080,\"height\":1512},{\"@type\":\"BreadcrumbList\",\"@id\":\"https:\/\/ufhover-laden.de\/?p=541#breadcrumb\",\"itemListElement\":[{\"@type\":\"ListItem\",\"position\":1,\"name\":\"Startseite\",\"item\":\"https:\/\/ufhover-laden.de\/\"},{\"@type\":\"ListItem\",\"position\":2,\"name\":\"Mir Rosi Herzog durch Ufhoven\"}]},{\"@type\":\"WebSite\",\"@id\":\"https:\/\/ufhover-laden.de\/#website\",\"url\":\"https:\/\/ufhover-laden.de\/\",\"name\":\"Ufhover Dorftreff\",\"description\":\"\",\"publisher\":{\"@id\":\"https:\/\/ufhover-laden.de\/#organization\"},\"potentialAction\":[{\"@type\":\"SearchAction\",\"target\":{\"@type\":\"EntryPoint\",\"urlTemplate\":\"https:\/\/ufhover-laden.de\/?s={search_term_string}\"},\"query-input\":{\"@type\":\"PropertyValueSpecification\",\"valueRequired\":true,\"valueName\":\"search_term_string\"}}],\"inLanguage\":\"de\"},{\"@type\":\"Organization\",\"@id\":\"https:\/\/ufhover-laden.de\/#organization\",\"name\":\"Konsumverein Ufhoven\",\"url\":\"https:\/\/ufhover-laden.de\/\",\"logo\":{\"@type\":\"ImageObject\",\"inLanguage\":\"de\",\"@id\":\"https:\/\/ufhover-laden.de\/#\/schema\/logo\/image\/\",\"url\":\"https:\/\/ufhover-laden.de\/wp-content\/uploads\/2020\/10\/cropped-Logo-3.jpg\",\"contentUrl\":\"https:\/\/ufhover-laden.de\/wp-content\/uploads\/2020\/10\/cropped-Logo-3.jpg\",\"width\":600,\"height\":600,\"caption\":\"Konsumverein Ufhoven\"},\"image\":{\"@id\":\"https:\/\/ufhover-laden.de\/#\/schema\/logo\/image\/\"}},{\"@type\":\"Person\",\"@id\":\"https:\/\/ufhover-laden.de\/#\/schema\/person\/134c141a7890ce0a8841ff8ab57220cf\",\"name\":\"SilvioHellmundt\",\"image\":{\"@type\":\"ImageObject\",\"inLanguage\":\"de\",\"@id\":\"https:\/\/ufhover-laden.de\/#\/schema\/person\/image\/\",\"url\":\"https:\/\/secure.gravatar.com\/avatar\/0211ea57dc18a752241344019368ac9cbc7ed44cf3142ce82fc27ff4282728cf?s=96&d=blank&r=g\",\"contentUrl\":\"https:\/\/secure.gravatar.com\/avatar\/0211ea57dc18a752241344019368ac9cbc7ed44cf3142ce82fc27ff4282728cf?s=96&d=blank&r=g\",\"caption\":\"SilvioHellmundt\"},\"url\":\"https:\/\/ufhover-laden.de\/?author=1\"}]}<\/script>\n<!-- \/ Yoast SEO plugin. -->","yoast_head_json":{"title":"Mir Rosi Herzog durch Ufhoven - Ufhover Kaffeeklatsch Verein","description":"Am 28. Juni um 14.00 Uhr geht es gemeinsam mit Rosi Herzog auf eine unterhaltsame Entdeckungstour durch das wundersch\u00f6ne Rosendorf Ufhoven.","robots":{"index":"index","follow":"follow","max-snippet":"max-snippet:-1","max-image-preview":"max-image-preview:large","max-video-preview":"max-video-preview:-1"},"canonical":"https:\/\/ufhover-laden.de\/?p=541","og_locale":"de_DE","og_type":"article","og_title":"Mir Rosi Herzog durch Ufhoven - Ufhover Kaffeeklatsch Verein","og_description":"Am 28. Juni um 14.00 Uhr geht es gemeinsam mit Rosi Herzog auf eine unterhaltsame Entdeckungstour durch das wundersch\u00f6ne Rosendorf Ufhoven.","og_url":"https:\/\/ufhover-laden.de\/?p=541","og_site_name":"Ufhover Kaffeeklatsch Verein","article_published_time":"2025-05-21T16:40:10+00:00","article_modified_time":"2025-05-21T17:02:42+00:00","og_image":[{"width":1080,"height":1512,"url":"https:\/\/ufhover-laden.de\/wp-content\/uploads\/2025\/05\/mit-Rosi-Herzog-durch-Ufhoven-06-2026.jpg","type":"image\/jpeg"}],"author":"SilvioHellmundt","twitter_card":"summary_large_image","twitter_misc":{"Verfasst von":"SilvioHellmundt"},"schema":{"@context":"https:\/\/schema.org","@graph":[{"@type":"Article","@id":"https:\/\/ufhover-laden.de\/?p=541#article","isPartOf":{"@id":"https:\/\/ufhover-laden.de\/?p=541"},"author":{"name":"SilvioHellmundt","@id":"https:\/\/ufhover-laden.de\/#\/schema\/person\/134c141a7890ce0a8841ff8ab57220cf"},"headline":"Mir Rosi Herzog durch Ufhoven","datePublished":"2025-05-21T16:40:10+00:00","dateModified":"2025-05-21T17:02:42+00:00","mainEntityOfPage":{"@id":"https:\/\/ufhover-laden.de\/?p=541"},"wordCount":52,"publisher":{"@id":"https:\/\/ufhover-laden.de\/#organization"},"image":{"@id":"https:\/\/ufhover-laden.de\/?p=541#primaryimage"},"thumbnailUrl":"https:\/\/ufhover-laden.de\/wp-content\/uploads\/2025\/05\/mit-Rosi-Herzog-durch-Ufhoven-06-2026-731x1024.jpg","articleSection":["Uncategorized"],"inLanguage":"de"},{"@type":"WebPage","@id":"https:\/\/ufhover-laden.de\/?p=541","url":"https:\/\/ufhover-laden.de\/?p=541","name":"Mir Rosi Herzog durch Ufhoven - Ufhover Kaffeeklatsch Verein","isPartOf":{"@id":"https:\/\/ufhover-laden.de\/#website"},"primaryImageOfPage":{"@id":"https:\/\/ufhover-laden.de\/?p=541#primaryimage"},"image":{"@id":"https:\/\/ufhover-laden.de\/?p=541#primaryimage"},"thumbnailUrl":"https:\/\/ufhover-laden.de\/wp-content\/uploads\/2025\/05\/mit-Rosi-Herzog-durch-Ufhoven-06-2026-731x1024.jpg","datePublished":"2025-05-21T16:40:10+00:00","dateModified":"2025-05-21T17:02:42+00:00","description":"Am 28. Juni um 14.00 Uhr geht es gemeinsam mit Rosi Herzog auf eine unterhaltsame Entdeckungstour durch das wundersch\u00f6ne Rosendorf Ufhoven.","breadcrumb":{"@id":"https:\/\/ufhover-laden.de\/?p=541#breadcrumb"},"inLanguage":"de","potentialAction":[{"@type":"ReadAction","target":["https:\/\/ufhover-laden.de\/?p=541"]}]},{"@type":"ImageObject","inLanguage":"de","@id":"https:\/\/ufhover-laden.de\/?p=541#primaryimage","url":"https:\/\/ufhover-laden.de\/wp-content\/uploads\/2025\/05\/mit-Rosi-Herzog-durch-Ufhoven-06-2026.jpg","contentUrl":"https:\/\/ufhover-laden.de\/wp-content\/uploads\/2025\/05\/mit-Rosi-Herzog-durch-Ufhoven-06-2026.jpg","width":1080,"height":1512},{"@type":"BreadcrumbList","@id":"https:\/\/ufhover-laden.de\/?p=541#breadcrumb","itemListElement":[{"@type":"ListItem","position":1,"name":"Startseite","item":"https:\/\/ufhover-laden.de\/"},{"@type":"ListItem","position":2,"name":"Mir Rosi Herzog durch Ufhoven"}]},{"@type":"WebSite","@id":"https:\/\/ufhover-laden.de\/#website","url":"https:\/\/ufhover-laden.de\/","name":"Ufhover Dorftreff","description":"","publisher":{"@id":"https:\/\/ufhover-laden.de\/#organization"},"potentialAction":[{"@type":"SearchAction","target":{"@type":"EntryPoint","urlTemplate":"https:\/\/ufhover-laden.de\/?s={search_term_string}"},"query-input":{"@type":"PropertyValueSpecification","valueRequired":true,"valueName":"search_term_string"}}],"inLanguage":"de"},{"@type":"Organization","@id":"https:\/\/ufhover-laden.de\/#organization","name":"Konsumverein Ufhoven","url":"https:\/\/ufhover-laden.de\/","logo":{"@type":"ImageObject","inLanguage":"de","@id":"https:\/\/ufhover-laden.de\/#\/schema\/logo\/image\/","url":"https:\/\/ufhover-laden.de\/wp-content\/uploads\/2020\/10\/cropped-Logo-3.jpg","contentUrl":"https:\/\/ufhover-laden.de\/wp-content\/uploads\/2020\/10\/cropped-Logo-3.jpg","width":600,"height":600,"caption":"Konsumverein Ufhoven"},"image":{"@id":"https:\/\/ufhover-laden.de\/#\/schema\/logo\/image\/"}},{"@type":"Person","@id":"https:\/\/ufhover-laden.de\/#\/schema\/person\/134c141a7890ce0a8841ff8ab57220cf","name":"SilvioHellmundt","image":{"@type":"ImageObject","inLanguage":"de","@id":"https:\/\/ufhover-laden.de\/#\/schema\/person\/image\/","url":"https:\/\/secure.gravatar.com\/avatar\/0211ea57dc18a752241344019368ac9cbc7ed44cf3142ce82fc27ff4282728cf?s=96&d=blank&r=g","contentUrl":"https:\/\/secure.gravatar.com\/avatar\/0211ea57dc18a752241344019368ac9cbc7ed44cf3142ce82fc27ff4282728cf?s=96&d=blank&r=g","caption":"SilvioHellmundt"},"url":"https:\/\/ufhover-laden.de\/?author=1"}]}},"_links":{"self":[{"href":"https:\/\/ufhover-laden.de\/index.php?rest_route=\/wp\/v2\/posts\/541","targetHints":{"allow":["GET"]}}],"collection":[{"href":"https:\/\/ufhover-laden.de\/index.php?rest_route=\/wp\/v2\/posts"}],"about":[{"href":"https:\/\/ufhover-laden.de\/index.php?rest_route=\/wp\/v2\/types\/post"}],"author":[{"embeddable":true,"href":"https:\/\/ufhover-laden.de\/index.php?rest_route=\/wp\/v2\/users\/1"}],"replies":[{"embeddable":true,"href":"https:\/\/ufhover-laden.de\/index.php?rest_route=%2Fwp%2Fv2%2Fcomments&post=541"}],"version-history":[{"count":3,"href":"https:\/\/ufhover-laden.de\/index.php?rest_route=\/wp\/v2\/posts\/541\/revisions"}],"predecessor-version":[{"id":551,"href":"https:\/\/ufhover-laden.de\/index.php?rest_route=\/wp\/v2\/posts\/541\/revisions\/551"}],"wp:attachment":[{"href":"https:\/\/ufhover-laden.de\/index.php?rest_route=%2Fwp%2Fv2%2Fmedia&parent=541"}],"wp:term":[{"taxonomy":"category","embeddable":true,"href":"https:\/\/ufhover-laden.de\/index.php?rest_route=%2Fwp%2Fv2%2Fcategories&post=541"},{"taxonomy":"post_tag","embeddable":true,"href":"https:\/\/ufhover-laden.de\/index.php?rest_route=%2Fwp%2Fv2%2Ftags&post=541"}],"curies":[{"name":"wp","href":"https:\/\/api.w.org\/{rel}","templated":true}]}}